{"id":244,"date":"2025-01-23T09:20:01","date_gmt":"2025-01-23T08:20:01","guid":{"rendered":"https:\/\/www.alba-avocats-montauban.fr\/?p=244"},"modified":"2025-09-23T09:34:28","modified_gmt":"2025-09-23T07:34:28","slug":"vehicule-accidente-le-salarie-doit-il-payer-les-reparations","status":"publish","type":"post","link":"https:\/\/www.alba-avocats-montauban.fr\/?p=244","title":{"rendered":"V\u00e9hicule accident\u00e9 : le salari\u00e9 doit-il payer les r\u00e9parations ?"},"content":{"rendered":"\n<p>La question se pose fr\u00e9quemment : un salari\u00e9 endommage un v\u00e9hicule de soci\u00e9t\u00e9, dans le cadre de son activit\u00e9. L\u2019Employeur peut-il obtenir r\u00e9paration ?<br>D\u2019un point de vue civil (devant le Conseil de Prud\u2019hommes), l\u2019Employeur ne pourra engager la responsabilit\u00e9 p\u00e9cuniaire du salari\u00e9 que si ce dernier a commis une \u00ab faute lourde \u00bb (caract\u00e9ris\u00e9e par l\u2019intention de nuire \u00e0 l\u2019employeur), ce qui para\u00eet difficile \u00e0 d\u00e9montrer.<br>Par contre, si le salari\u00e9 est poursuivi p\u00e9nalement pour une infraction commise dans le cadre de son travail, l\u2019Employeur peut se constituer partie civile au proc\u00e8s p\u00e9nal et obtenir r\u00e9paration du pr\u00e9judice qu\u2019il a subi. Ainsi, un Employeur qui faisait face \u00e0 un pr\u00e9judice important, de plus de 100 000 euros (frais de d\u00e9pannage, frais de r\u00e9paration du v\u00e9hicule), a pu engager la responsabilit\u00e9 du salari\u00e9.<br>C.Cass crim. 14 Janvier 2025, n024-81365<\/p>\n","protected":false},"excerpt":{"rendered":"<p>La question se pose fr\u00e9quemment : un salari\u00e9 endommage un v\u00e9hicule de soci\u00e9t\u00e9, dans le cadre de son activit\u00e9. L\u2019Employeur peut-il obtenir r\u00e9paration ?D\u2019un point de vue civil (devant le Conseil de Prud\u2019hommes), l\u2019Employeur ne pourra engager la responsabilit\u00e9 p\u00e9cuniaire du salari\u00e9 que si ce dernier a commis une \u00ab faute lourde \u00bb (caract\u00e9ris\u00e9e par [&hellip;]<\/p>\n","protected":false},"author":1,"featured_media":0,"comment_status":"open","ping_status":"open","sticky":false,"template":"","format":"standard","meta":{"footnotes":""},"categories":[1],"tags":[],"class_list":["post-244","post","type-post","status-publish","format-standard","hentry","category-non-classe"],"yoast_head":"<!-- This site is optimized with the Yoast SEO plugin v27.5 - https:\/\/yoast.com\/product\/yoast-seo-wordpress\/ -->\n<title>V\u00e9hicule accident\u00e9 : le salari\u00e9 doit-il payer les r\u00e9parations ? - Alba avocat montauban<\/title>\n<meta name=\"robots\" content=\"index, follow, max-snippet:-1, max-image-preview:large, max-video-preview:-1\" \/>\n<link rel=\"canonical\" href=\"https:\/\/www.alba-avocats-montauban.fr\/?p=244\" \/>\n<meta property=\"og:locale\" content=\"fr_FR\" \/>\n<meta property=\"og:type\" content=\"article\" \/>\n<meta property=\"og:title\" content=\"V\u00e9hicule accident\u00e9 : le salari\u00e9 doit-il payer les r\u00e9parations ? - Alba avocat montauban\" \/>\n<meta property=\"og:description\" content=\"La question se pose fr\u00e9quemment : un salari\u00e9 endommage un v\u00e9hicule de soci\u00e9t\u00e9, dans le cadre de son activit\u00e9. L\u2019Employeur peut-il obtenir r\u00e9paration ?D\u2019un point de vue civil (devant le Conseil de Prud\u2019hommes), l\u2019Employeur ne pourra engager la responsabilit\u00e9 p\u00e9cuniaire du salari\u00e9 que si ce dernier a commis une \u00ab faute lourde \u00bb (caract\u00e9ris\u00e9e par [&hellip;]\" \/>\n<meta property=\"og:url\" content=\"https:\/\/www.alba-avocats-montauban.fr\/?p=244\" \/>\n<meta property=\"og:site_name\" content=\"Alba avocat montauban\" \/>\n<meta property=\"article:published_time\" content=\"2025-01-23T08:20:01+00:00\" \/>\n<meta property=\"article:modified_time\" content=\"2025-09-23T07:34:28+00:00\" \/>\n<meta name=\"author\" content=\"Thomas\" \/>\n<meta name=\"twitter:card\" content=\"summary_large_image\" \/>\n<meta name=\"twitter:label1\" content=\"\u00c9crit par\" \/>\n\t<meta name=\"twitter:data1\" content=\"Thomas\" \/>\n\t<meta name=\"twitter:label2\" content=\"Dur\u00e9e de lecture estim\u00e9e\" \/>\n\t<meta name=\"twitter:data2\" content=\"1 minute\" \/>\n<script type=\"application\/ld+json\" class=\"yoast-schema-graph\">{\"@context\":\"https:\\\/\\\/schema.org\",\"@graph\":[{\"@type\":\"Article\",\"@id\":\"https:\\\/\\\/www.alba-avocats-montauban.fr\\\/?p=244#article\",\"isPartOf\":{\"@id\":\"https:\\\/\\\/www.alba-avocats-montauban.fr\\\/?p=244\"},\"author\":{\"name\":\"Thomas\",\"@id\":\"https:\\\/\\\/www.alba-avocats-montauban.fr\\\/#\\\/schema\\\/person\\\/c6f9a03e0f5b54a691e55194a72ab6c7\"},\"headline\":\"V\u00e9hicule accident\u00e9 : le salari\u00e9 doit-il payer les r\u00e9parations ?\",\"datePublished\":\"2025-01-23T08:20:01+00:00\",\"dateModified\":\"2025-09-23T07:34:28+00:00\",\"mainEntityOfPage\":{\"@id\":\"https:\\\/\\\/www.alba-avocats-montauban.fr\\\/?p=244\"},\"wordCount\":166,\"commentCount\":0,\"inLanguage\":\"fr-FR\",\"potentialAction\":[{\"@type\":\"CommentAction\",\"name\":\"Comment\",\"target\":[\"https:\\\/\\\/www.alba-avocats-montauban.fr\\\/?p=244#respond\"]}]},{\"@type\":\"WebPage\",\"@id\":\"https:\\\/\\\/www.alba-avocats-montauban.fr\\\/?p=244\",\"url\":\"https:\\\/\\\/www.alba-avocats-montauban.fr\\\/?p=244\",\"name\":\"V\u00e9hicule accident\u00e9 : le salari\u00e9 doit-il payer les r\u00e9parations ? - Alba avocat montauban\",\"isPartOf\":{\"@id\":\"https:\\\/\\\/www.alba-avocats-montauban.fr\\\/#website\"},\"datePublished\":\"2025-01-23T08:20:01+00:00\",\"dateModified\":\"2025-09-23T07:34:28+00:00\",\"author\":{\"@id\":\"https:\\\/\\\/www.alba-avocats-montauban.fr\\\/#\\\/schema\\\/person\\\/c6f9a03e0f5b54a691e55194a72ab6c7\"},\"breadcrumb\":{\"@id\":\"https:\\\/\\\/www.alba-avocats-montauban.fr\\\/?p=244#breadcrumb\"},\"inLanguage\":\"fr-FR\",\"potentialAction\":[{\"@type\":\"ReadAction\",\"target\":[\"https:\\\/\\\/www.alba-avocats-montauban.fr\\\/?p=244\"]}]},{\"@type\":\"BreadcrumbList\",\"@id\":\"https:\\\/\\\/www.alba-avocats-montauban.fr\\\/?p=244#breadcrumb\",\"itemListElement\":[{\"@type\":\"ListItem\",\"position\":1,\"name\":\"Accueil\",\"item\":\"https:\\\/\\\/www.alba-avocats-montauban.fr\\\/\"},{\"@type\":\"ListItem\",\"position\":2,\"name\":\"V\u00e9hicule accident\u00e9 : le salari\u00e9 doit-il payer les r\u00e9parations ?\"}]},{\"@type\":\"WebSite\",\"@id\":\"https:\\\/\\\/www.alba-avocats-montauban.fr\\\/#website\",\"url\":\"https:\\\/\\\/www.alba-avocats-montauban.fr\\\/\",\"name\":\"Alba avocat montauban\",\"description\":\"\",\"potentialAction\":[{\"@type\":\"SearchAction\",\"target\":{\"@type\":\"EntryPoint\",\"urlTemplate\":\"https:\\\/\\\/www.alba-avocats-montauban.fr\\\/?s={search_term_string}\"},\"query-input\":{\"@type\":\"PropertyValueSpecification\",\"valueRequired\":true,\"valueName\":\"search_term_string\"}}],\"inLanguage\":\"fr-FR\"},{\"@type\":\"Person\",\"@id\":\"https:\\\/\\\/www.alba-avocats-montauban.fr\\\/#\\\/schema\\\/person\\\/c6f9a03e0f5b54a691e55194a72ab6c7\",\"name\":\"Thomas\",\"image\":{\"@type\":\"ImageObject\",\"inLanguage\":\"fr-FR\",\"@id\":\"https:\\\/\\\/secure.gravatar.com\\\/avatar\\\/ad6763fa82c8e49d614c8bf6284a54f54a1c630591f79bea1b04c7e28e3ebc3f?s=96&d=mm&r=g\",\"url\":\"https:\\\/\\\/secure.gravatar.com\\\/avatar\\\/ad6763fa82c8e49d614c8bf6284a54f54a1c630591f79bea1b04c7e28e3ebc3f?s=96&d=mm&r=g\",\"contentUrl\":\"https:\\\/\\\/secure.gravatar.com\\\/avatar\\\/ad6763fa82c8e49d614c8bf6284a54f54a1c630591f79bea1b04c7e28e3ebc3f?s=96&d=mm&r=g\",\"caption\":\"Thomas\"},\"sameAs\":[\"https:\\\/\\\/www.alba-avocats-montauban.fr\"],\"url\":\"https:\\\/\\\/www.alba-avocats-montauban.fr\\\/?author=1\"}]}<\/script>\n<!-- \/ Yoast SEO plugin. -->","yoast_head_json":{"title":"V\u00e9hicule accident\u00e9 : le salari\u00e9 doit-il payer les r\u00e9parations ? - Alba avocat montauban","robots":{"index":"index","follow":"follow","max-snippet":"max-snippet:-1","max-image-preview":"max-image-preview:large","max-video-preview":"max-video-preview:-1"},"canonical":"https:\/\/www.alba-avocats-montauban.fr\/?p=244","og_locale":"fr_FR","og_type":"article","og_title":"V\u00e9hicule accident\u00e9 : le salari\u00e9 doit-il payer les r\u00e9parations ? - Alba avocat montauban","og_description":"La question se pose fr\u00e9quemment : un salari\u00e9 endommage un v\u00e9hicule de soci\u00e9t\u00e9, dans le cadre de son activit\u00e9. L\u2019Employeur peut-il obtenir r\u00e9paration ?D\u2019un point de vue civil (devant le Conseil de Prud\u2019hommes), l\u2019Employeur ne pourra engager la responsabilit\u00e9 p\u00e9cuniaire du salari\u00e9 que si ce dernier a commis une \u00ab faute lourde \u00bb (caract\u00e9ris\u00e9e par [&hellip;]","og_url":"https:\/\/www.alba-avocats-montauban.fr\/?p=244","og_site_name":"Alba avocat montauban","article_published_time":"2025-01-23T08:20:01+00:00","article_modified_time":"2025-09-23T07:34:28+00:00","author":"Thomas","twitter_card":"summary_large_image","twitter_misc":{"\u00c9crit par":"Thomas","Dur\u00e9e de lecture estim\u00e9e":"1 minute"},"schema":{"@context":"https:\/\/schema.org","@graph":[{"@type":"Article","@id":"https:\/\/www.alba-avocats-montauban.fr\/?p=244#article","isPartOf":{"@id":"https:\/\/www.alba-avocats-montauban.fr\/?p=244"},"author":{"name":"Thomas","@id":"https:\/\/www.alba-avocats-montauban.fr\/#\/schema\/person\/c6f9a03e0f5b54a691e55194a72ab6c7"},"headline":"V\u00e9hicule accident\u00e9 : le salari\u00e9 doit-il payer les r\u00e9parations ?","datePublished":"2025-01-23T08:20:01+00:00","dateModified":"2025-09-23T07:34:28+00:00","mainEntityOfPage":{"@id":"https:\/\/www.alba-avocats-montauban.fr\/?p=244"},"wordCount":166,"commentCount":0,"inLanguage":"fr-FR","potentialAction":[{"@type":"CommentAction","name":"Comment","target":["https:\/\/www.alba-avocats-montauban.fr\/?p=244#respond"]}]},{"@type":"WebPage","@id":"https:\/\/www.alba-avocats-montauban.fr\/?p=244","url":"https:\/\/www.alba-avocats-montauban.fr\/?p=244","name":"V\u00e9hicule accident\u00e9 : le salari\u00e9 doit-il payer les r\u00e9parations ? - Alba avocat montauban","isPartOf":{"@id":"https:\/\/www.alba-avocats-montauban.fr\/#website"},"datePublished":"2025-01-23T08:20:01+00:00","dateModified":"2025-09-23T07:34:28+00:00","author":{"@id":"https:\/\/www.alba-avocats-montauban.fr\/#\/schema\/person\/c6f9a03e0f5b54a691e55194a72ab6c7"},"breadcrumb":{"@id":"https:\/\/www.alba-avocats-montauban.fr\/?p=244#breadcrumb"},"inLanguage":"fr-FR","potentialAction":[{"@type":"ReadAction","target":["https:\/\/www.alba-avocats-montauban.fr\/?p=244"]}]},{"@type":"BreadcrumbList","@id":"https:\/\/www.alba-avocats-montauban.fr\/?p=244#breadcrumb","itemListElement":[{"@type":"ListItem","position":1,"name":"Accueil","item":"https:\/\/www.alba-avocats-montauban.fr\/"},{"@type":"ListItem","position":2,"name":"V\u00e9hicule accident\u00e9 : le salari\u00e9 doit-il payer les r\u00e9parations ?"}]},{"@type":"WebSite","@id":"https:\/\/www.alba-avocats-montauban.fr\/#website","url":"https:\/\/www.alba-avocats-montauban.fr\/","name":"Alba avocat montauban","description":"","potentialAction":[{"@type":"SearchAction","target":{"@type":"EntryPoint","urlTemplate":"https:\/\/www.alba-avocats-montauban.fr\/?s={search_term_string}"},"query-input":{"@type":"PropertyValueSpecification","valueRequired":true,"valueName":"search_term_string"}}],"inLanguage":"fr-FR"},{"@type":"Person","@id":"https:\/\/www.alba-avocats-montauban.fr\/#\/schema\/person\/c6f9a03e0f5b54a691e55194a72ab6c7","name":"Thomas","image":{"@type":"ImageObject","inLanguage":"fr-FR","@id":"https:\/\/secure.gravatar.com\/avatar\/ad6763fa82c8e49d614c8bf6284a54f54a1c630591f79bea1b04c7e28e3ebc3f?s=96&d=mm&r=g","url":"https:\/\/secure.gravatar.com\/avatar\/ad6763fa82c8e49d614c8bf6284a54f54a1c630591f79bea1b04c7e28e3ebc3f?s=96&d=mm&r=g","contentUrl":"https:\/\/secure.gravatar.com\/avatar\/ad6763fa82c8e49d614c8bf6284a54f54a1c630591f79bea1b04c7e28e3ebc3f?s=96&d=mm&r=g","caption":"Thomas"},"sameAs":["https:\/\/www.alba-avocats-montauban.fr"],"url":"https:\/\/www.alba-avocats-montauban.fr\/?author=1"}]}},"_links":{"self":[{"href":"https:\/\/www.alba-avocats-montauban.fr\/index.php?rest_route=\/wp\/v2\/posts\/244","targetHints":{"allow":["GET"]}}],"collection":[{"href":"https:\/\/www.alba-avocats-montauban.fr\/index.php?rest_route=\/wp\/v2\/posts"}],"about":[{"href":"https:\/\/www.alba-avocats-montauban.fr\/index.php?rest_route=\/wp\/v2\/types\/post"}],"author":[{"embeddable":true,"href":"https:\/\/www.alba-avocats-montauban.fr\/index.php?rest_route=\/wp\/v2\/users\/1"}],"replies":[{"embeddable":true,"href":"https:\/\/www.alba-avocats-montauban.fr\/index.php?rest_route=%2Fwp%2Fv2%2Fcomments&post=244"}],"version-history":[{"count":1,"href":"https:\/\/www.alba-avocats-montauban.fr\/index.php?rest_route=\/wp\/v2\/posts\/244\/revisions"}],"predecessor-version":[{"id":245,"href":"https:\/\/www.alba-avocats-montauban.fr\/index.php?rest_route=\/wp\/v2\/posts\/244\/revisions\/245"}],"wp:attachment":[{"href":"https:\/\/www.alba-avocats-montauban.fr\/index.php?rest_route=%2Fwp%2Fv2%2Fmedia&parent=244"}],"wp:term":[{"taxonomy":"category","embeddable":true,"href":"https:\/\/www.alba-avocats-montauban.fr\/index.php?rest_route=%2Fwp%2Fv2%2Fcategories&post=244"},{"taxonomy":"post_tag","embeddable":true,"href":"https:\/\/www.alba-avocats-montauban.fr\/index.php?rest_route=%2Fwp%2Fv2%2Ftags&post=244"}],"curies":[{"name":"wp","href":"https:\/\/api.w.org\/{rel}","templated":true}]}}