{"id":242,"date":"2025-01-23T09:19:42","date_gmt":"2025-01-23T08:19:42","guid":{"rendered":"https:\/\/www.alba-avocats-montauban.fr\/?p=242"},"modified":"2025-09-23T09:34:47","modified_gmt":"2025-09-23T07:34:47","slug":"indemnite-de-repas-sur-le-lieu-de-travail-vers-un-assouplissement","status":"publish","type":"post","link":"https:\/\/www.alba-avocats-montauban.fr\/?p=242","title":{"rendered":"Indemnit\u00e9 de repas sur le lieu de travail : vers un assouplissement"},"content":{"rendered":"\n<p>Nombreux sont les employeurs qui souhaitent verser \u00e0 leurs salari\u00e9s s\u00e9dentaires des indemnit\u00e9s de repas exon\u00e9r\u00e9es de cotisations sociales.<br>Cependant, on leur d\u00e9conseille souvent ce type d\u2019indemnisation, au regard du risque de redressement URSSAF. En effet, selon l\u2019arr\u00eat\u00e9 interminist\u00e9riel du 20 d\u00e9cembre 2002 modifi\u00e9 relatif aux frais professionnels, l&rsquo;indemnit\u00e9 de restauration sur le lieu de travail est r\u00e9put\u00e9e utilis\u00e9e conform\u00e9ment \u00e0 son objet \u00ab lorsque le travailleur salari\u00e9 ou assimil\u00e9 est contraint de prendre une restauration sur son lieu effectif de travail, en raison de conditions particuli\u00e8res d&rsquo;organisation ou d&rsquo;horaires de travail, telles que travail en \u00e9quipe, travail post\u00e9, travail continu, travail en horaire d\u00e9cal\u00e9 ou travail de nuit \u00bb. Cette liste, que l\u2019on pensait exhaustive, limitait le recours \u00e0 ce dispositif.<br>La Cour de Cassation est venue apporter des pr\u00e9cisions allant clairement dans le sens d\u2019un assouplissement : \u00ab pour ouvrir droit \u00e0 exon\u00e9ration, il suffit que les salari\u00e9s, b\u00e9n\u00e9ficiaires d&rsquo;une indemnit\u00e9 destin\u00e9e \u00e0 compenser les d\u00e9penses suppl\u00e9mentaires de restauration, exercent leur emploi selon des conditions particuli\u00e8res d&rsquo;organisation ou d&rsquo;horaires de travail, sans que cette notion soit d\u00e9finie de mani\u00e8re exhaustive \u00bb. Les juges observent dans cette affaire que \u00ab les salari\u00e9s travaillant \u00ab en journ\u00e9e \u00bb ne disposaient que d&rsquo;une pause repas de 30 minutes, ce qui les contraignaient \u00e0 se restaurer sur leur lieu de travail en raison de conditions particuli\u00e8res d&rsquo;horaires de travail \u00bb. Ces indemnit\u00e9s de repas ne devaient donc pas \u00eatre soumises \u00e0 cotisations sociales.<br>L\u2019exon\u00e9ration n\u2019est donc finalement pas limit\u00e9e aux horaires particuliers. Le seul fait de ne disposer que d\u2019une pause de 30 minutes peut permettre de b\u00e9n\u00e9ficier de l\u2019exon\u00e9ration de cotisations sociales. Attention cependant \u00e0 ne pas faire de raccourcis : cette pause de 30 minutes ne doit pas r\u00e9sulter de convenances personnelles mais d\u2019une contrainte d\u2019organisation\u2026dont il faudra apporter la preuve en cas de contentieux avec l\u2019URSSAF.<br>(Cour de cassation, civile, Chambre civile 2, 30 janvier 2025, 22-20.960)<br>\u2022 Harc\u00e8lement et nullit\u00e9 du licenciement : pas automatique<br>Pour rappel, le code du travail pr\u00e9voit : \u00ab Aucun salari\u00e9 ne peut \u00eatre sanctionn\u00e9, licenci\u00e9 ou faire l&rsquo;objet d&rsquo;une mesure discriminatoire, directe ou indirecte, notamment pour avoir subi ou refus\u00e9 de subir des agissements r\u00e9p\u00e9t\u00e9s de harc\u00e8lement moral ou les avoir relat\u00e9s (c. trav. art. L. 1152-1). Si un salari\u00e9 est licenci\u00e9 pour avoir subi ou refus\u00e9 de subir des faits de harc\u00e8lement moral, ce licenciement est nul (c. trav. art. L. 1152-3).<br>Pour autant, une affaire r\u00e9cente montre que le licenciement d\u2019un salari\u00e9 harcel\u00e9 n\u2019est pas forc\u00e9ment nul. Dans cette affaire, une salari\u00e9e responsable de projet dans une banque a fait l\u2019objet d\u2019un licenciement pour motif disciplinaire. Elle conteste son licenciement au motif qu\u2019elle \u00e9tait harcel\u00e9e, ce qui rend selon elle son licenciement nul. La Cour d\u2019Appel suit son raisonnement : les juges observent que la salari\u00e9e \u00e9tait effectivement victime de harc\u00e8lement et d\u00e9clarent donc le licenciement nul. La Cour de Cassation casse la d\u00e9cision car la salari\u00e9e n\u2019a pas \u00e9tabli que son licenciement \u00e9tait d\u00fb \u00e0 cette situation de harc\u00e8lement. En effet, un licenciement n\u2019est nul que si le salari\u00e9 prouve avoir \u00e9t\u00e9 licenci\u00e9 pour avoir subi ou refus\u00e9 de subir ce harc\u00e8lement moral. La salari\u00e9e, en l\u2019esp\u00e8ce, n\u2019a pas apport\u00e9 la preuve de ce lien de causalit\u00e9. D\u00e8s lors, les juges auraient d\u00fb analyser le licenciement disciplinaire :<\/p>\n\n\n\n<ul class=\"wp-block-list\">\n<li>Soit le motif disciplinaire est r\u00e9el et s\u00e9rieux : le licenciement est valid\u00e9<\/li>\n\n\n\n<li>Soit le motif disciplinaire n\u2019est pas r\u00e9el et s\u00e9rieux : le licenciement est sans cause r\u00e9elle et s\u00e9rieuse<\/li>\n\n\n\n<li>Soit le motif disciplinaire n\u2019est qu\u2019un pr\u00e9texte pour se s\u00e9parer d\u2019un salari\u00e9 qui d\u00e9nonce des faits de harc\u00e8lement : le licenciement est nul, \u00e0 condition toutefois que le salari\u00e9 parvienne \u00e0 apporter la preuve du lien de causalit\u00e9, ce que la salari\u00e9e n\u2019a pas fait dans cette affaire.<br>(C. Cass 9 avril 2025 n\u00b0 24-11421 F-D)<\/li>\n<\/ul>\n","protected":false},"excerpt":{"rendered":"<p>Nombreux sont les employeurs qui souhaitent verser \u00e0 leurs salari\u00e9s s\u00e9dentaires des indemnit\u00e9s de repas exon\u00e9r\u00e9es de cotisations sociales.Cependant, on leur d\u00e9conseille souvent ce type d\u2019indemnisation, au regard du risque de redressement URSSAF. En effet, selon l\u2019arr\u00eat\u00e9 interminist\u00e9riel du 20 d\u00e9cembre 2002 modifi\u00e9 relatif aux frais professionnels, l&rsquo;indemnit\u00e9 de restauration sur le lieu de travail [&hellip;]<\/p>\n","protected":false},"author":1,"featured_media":0,"comment_status":"open","ping_status":"open","sticky":false,"template":"","format":"standard","meta":{"footnotes":""},"categories":[1],"tags":[],"class_list":["post-242","post","type-post","status-publish","format-standard","hentry","category-non-classe"],"yoast_head":"<!-- This site is optimized with the Yoast SEO plugin v27.5 - https:\/\/yoast.com\/product\/yoast-seo-wordpress\/ -->\n<title>Indemnit\u00e9 de repas sur le lieu de travail : vers un assouplissement - Alba avocat montauban<\/title>\n<meta name=\"robots\" content=\"index, follow, max-snippet:-1, max-image-preview:large, max-video-preview:-1\" \/>\n<link rel=\"canonical\" href=\"https:\/\/www.alba-avocats-montauban.fr\/?p=242\" \/>\n<meta property=\"og:locale\" content=\"fr_FR\" \/>\n<meta property=\"og:type\" content=\"article\" \/>\n<meta property=\"og:title\" content=\"Indemnit\u00e9 de repas sur le lieu de travail : vers un assouplissement - Alba avocat montauban\" \/>\n<meta property=\"og:description\" content=\"Nombreux sont les employeurs qui souhaitent verser \u00e0 leurs salari\u00e9s s\u00e9dentaires des indemnit\u00e9s de repas exon\u00e9r\u00e9es de cotisations sociales.Cependant, on leur d\u00e9conseille souvent ce type d\u2019indemnisation, au regard du risque de redressement URSSAF. En effet, selon l\u2019arr\u00eat\u00e9 interminist\u00e9riel du 20 d\u00e9cembre 2002 modifi\u00e9 relatif aux frais professionnels, l&rsquo;indemnit\u00e9 de restauration sur le lieu de travail [&hellip;]\" \/>\n<meta property=\"og:url\" content=\"https:\/\/www.alba-avocats-montauban.fr\/?p=242\" \/>\n<meta property=\"og:site_name\" content=\"Alba avocat montauban\" \/>\n<meta property=\"article:published_time\" content=\"2025-01-23T08:19:42+00:00\" \/>\n<meta property=\"article:modified_time\" content=\"2025-09-23T07:34:47+00:00\" \/>\n<meta name=\"author\" content=\"Thomas\" \/>\n<meta name=\"twitter:card\" content=\"summary_large_image\" \/>\n<meta name=\"twitter:label1\" content=\"\u00c9crit par\" \/>\n\t<meta name=\"twitter:data1\" content=\"Thomas\" \/>\n\t<meta name=\"twitter:label2\" content=\"Dur\u00e9e de lecture estim\u00e9e\" \/>\n\t<meta name=\"twitter:data2\" content=\"4 minutes\" \/>\n<script type=\"application\/ld+json\" class=\"yoast-schema-graph\">{\"@context\":\"https:\\\/\\\/schema.org\",\"@graph\":[{\"@type\":\"Article\",\"@id\":\"https:\\\/\\\/www.alba-avocats-montauban.fr\\\/?p=242#article\",\"isPartOf\":{\"@id\":\"https:\\\/\\\/www.alba-avocats-montauban.fr\\\/?p=242\"},\"author\":{\"name\":\"Thomas\",\"@id\":\"https:\\\/\\\/www.alba-avocats-montauban.fr\\\/#\\\/schema\\\/person\\\/c6f9a03e0f5b54a691e55194a72ab6c7\"},\"headline\":\"Indemnit\u00e9 de repas sur le lieu de travail : vers un assouplissement\",\"datePublished\":\"2025-01-23T08:19:42+00:00\",\"dateModified\":\"2025-09-23T07:34:47+00:00\",\"mainEntityOfPage\":{\"@id\":\"https:\\\/\\\/www.alba-avocats-montauban.fr\\\/?p=242\"},\"wordCount\":712,\"commentCount\":0,\"inLanguage\":\"fr-FR\",\"potentialAction\":[{\"@type\":\"CommentAction\",\"name\":\"Comment\",\"target\":[\"https:\\\/\\\/www.alba-avocats-montauban.fr\\\/?p=242#respond\"]}]},{\"@type\":\"WebPage\",\"@id\":\"https:\\\/\\\/www.alba-avocats-montauban.fr\\\/?p=242\",\"url\":\"https:\\\/\\\/www.alba-avocats-montauban.fr\\\/?p=242\",\"name\":\"Indemnit\u00e9 de repas sur le lieu de travail : vers un assouplissement - Alba avocat montauban\",\"isPartOf\":{\"@id\":\"https:\\\/\\\/www.alba-avocats-montauban.fr\\\/#website\"},\"datePublished\":\"2025-01-23T08:19:42+00:00\",\"dateModified\":\"2025-09-23T07:34:47+00:00\",\"author\":{\"@id\":\"https:\\\/\\\/www.alba-avocats-montauban.fr\\\/#\\\/schema\\\/person\\\/c6f9a03e0f5b54a691e55194a72ab6c7\"},\"breadcrumb\":{\"@id\":\"https:\\\/\\\/www.alba-avocats-montauban.fr\\\/?p=242#breadcrumb\"},\"inLanguage\":\"fr-FR\",\"potentialAction\":[{\"@type\":\"ReadAction\",\"target\":[\"https:\\\/\\\/www.alba-avocats-montauban.fr\\\/?p=242\"]}]},{\"@type\":\"BreadcrumbList\",\"@id\":\"https:\\\/\\\/www.alba-avocats-montauban.fr\\\/?p=242#breadcrumb\",\"itemListElement\":[{\"@type\":\"ListItem\",\"position\":1,\"name\":\"Accueil\",\"item\":\"https:\\\/\\\/www.alba-avocats-montauban.fr\\\/\"},{\"@type\":\"ListItem\",\"position\":2,\"name\":\"Indemnit\u00e9 de repas sur le lieu de travail : vers un assouplissement\"}]},{\"@type\":\"WebSite\",\"@id\":\"https:\\\/\\\/www.alba-avocats-montauban.fr\\\/#website\",\"url\":\"https:\\\/\\\/www.alba-avocats-montauban.fr\\\/\",\"name\":\"Alba avocat montauban\",\"description\":\"\",\"potentialAction\":[{\"@type\":\"SearchAction\",\"target\":{\"@type\":\"EntryPoint\",\"urlTemplate\":\"https:\\\/\\\/www.alba-avocats-montauban.fr\\\/?s={search_term_string}\"},\"query-input\":{\"@type\":\"PropertyValueSpecification\",\"valueRequired\":true,\"valueName\":\"search_term_string\"}}],\"inLanguage\":\"fr-FR\"},{\"@type\":\"Person\",\"@id\":\"https:\\\/\\\/www.alba-avocats-montauban.fr\\\/#\\\/schema\\\/person\\\/c6f9a03e0f5b54a691e55194a72ab6c7\",\"name\":\"Thomas\",\"image\":{\"@type\":\"ImageObject\",\"inLanguage\":\"fr-FR\",\"@id\":\"https:\\\/\\\/secure.gravatar.com\\\/avatar\\\/ad6763fa82c8e49d614c8bf6284a54f54a1c630591f79bea1b04c7e28e3ebc3f?s=96&d=mm&r=g\",\"url\":\"https:\\\/\\\/secure.gravatar.com\\\/avatar\\\/ad6763fa82c8e49d614c8bf6284a54f54a1c630591f79bea1b04c7e28e3ebc3f?s=96&d=mm&r=g\",\"contentUrl\":\"https:\\\/\\\/secure.gravatar.com\\\/avatar\\\/ad6763fa82c8e49d614c8bf6284a54f54a1c630591f79bea1b04c7e28e3ebc3f?s=96&d=mm&r=g\",\"caption\":\"Thomas\"},\"sameAs\":[\"https:\\\/\\\/www.alba-avocats-montauban.fr\"],\"url\":\"https:\\\/\\\/www.alba-avocats-montauban.fr\\\/?author=1\"}]}<\/script>\n<!-- \/ Yoast SEO plugin. -->","yoast_head_json":{"title":"Indemnit\u00e9 de repas sur le lieu de travail : vers un assouplissement - Alba avocat montauban","robots":{"index":"index","follow":"follow","max-snippet":"max-snippet:-1","max-image-preview":"max-image-preview:large","max-video-preview":"max-video-preview:-1"},"canonical":"https:\/\/www.alba-avocats-montauban.fr\/?p=242","og_locale":"fr_FR","og_type":"article","og_title":"Indemnit\u00e9 de repas sur le lieu de travail : vers un assouplissement - Alba avocat montauban","og_description":"Nombreux sont les employeurs qui souhaitent verser \u00e0 leurs salari\u00e9s s\u00e9dentaires des indemnit\u00e9s de repas exon\u00e9r\u00e9es de cotisations sociales.Cependant, on leur d\u00e9conseille souvent ce type d\u2019indemnisation, au regard du risque de redressement URSSAF. En effet, selon l\u2019arr\u00eat\u00e9 interminist\u00e9riel du 20 d\u00e9cembre 2002 modifi\u00e9 relatif aux frais professionnels, l&rsquo;indemnit\u00e9 de restauration sur le lieu de travail [&hellip;]","og_url":"https:\/\/www.alba-avocats-montauban.fr\/?p=242","og_site_name":"Alba avocat montauban","article_published_time":"2025-01-23T08:19:42+00:00","article_modified_time":"2025-09-23T07:34:47+00:00","author":"Thomas","twitter_card":"summary_large_image","twitter_misc":{"\u00c9crit par":"Thomas","Dur\u00e9e de lecture estim\u00e9e":"4 minutes"},"schema":{"@context":"https:\/\/schema.org","@graph":[{"@type":"Article","@id":"https:\/\/www.alba-avocats-montauban.fr\/?p=242#article","isPartOf":{"@id":"https:\/\/www.alba-avocats-montauban.fr\/?p=242"},"author":{"name":"Thomas","@id":"https:\/\/www.alba-avocats-montauban.fr\/#\/schema\/person\/c6f9a03e0f5b54a691e55194a72ab6c7"},"headline":"Indemnit\u00e9 de repas sur le lieu de travail : vers un assouplissement","datePublished":"2025-01-23T08:19:42+00:00","dateModified":"2025-09-23T07:34:47+00:00","mainEntityOfPage":{"@id":"https:\/\/www.alba-avocats-montauban.fr\/?p=242"},"wordCount":712,"commentCount":0,"inLanguage":"fr-FR","potentialAction":[{"@type":"CommentAction","name":"Comment","target":["https:\/\/www.alba-avocats-montauban.fr\/?p=242#respond"]}]},{"@type":"WebPage","@id":"https:\/\/www.alba-avocats-montauban.fr\/?p=242","url":"https:\/\/www.alba-avocats-montauban.fr\/?p=242","name":"Indemnit\u00e9 de repas sur le lieu de travail : vers un assouplissement - Alba avocat montauban","isPartOf":{"@id":"https:\/\/www.alba-avocats-montauban.fr\/#website"},"datePublished":"2025-01-23T08:19:42+00:00","dateModified":"2025-09-23T07:34:47+00:00","author":{"@id":"https:\/\/www.alba-avocats-montauban.fr\/#\/schema\/person\/c6f9a03e0f5b54a691e55194a72ab6c7"},"breadcrumb":{"@id":"https:\/\/www.alba-avocats-montauban.fr\/?p=242#breadcrumb"},"inLanguage":"fr-FR","potentialAction":[{"@type":"ReadAction","target":["https:\/\/www.alba-avocats-montauban.fr\/?p=242"]}]},{"@type":"BreadcrumbList","@id":"https:\/\/www.alba-avocats-montauban.fr\/?p=242#breadcrumb","itemListElement":[{"@type":"ListItem","position":1,"name":"Accueil","item":"https:\/\/www.alba-avocats-montauban.fr\/"},{"@type":"ListItem","position":2,"name":"Indemnit\u00e9 de repas sur le lieu de travail : vers un assouplissement"}]},{"@type":"WebSite","@id":"https:\/\/www.alba-avocats-montauban.fr\/#website","url":"https:\/\/www.alba-avocats-montauban.fr\/","name":"Alba avocat montauban","description":"","potentialAction":[{"@type":"SearchAction","target":{"@type":"EntryPoint","urlTemplate":"https:\/\/www.alba-avocats-montauban.fr\/?s={search_term_string}"},"query-input":{"@type":"PropertyValueSpecification","valueRequired":true,"valueName":"search_term_string"}}],"inLanguage":"fr-FR"},{"@type":"Person","@id":"https:\/\/www.alba-avocats-montauban.fr\/#\/schema\/person\/c6f9a03e0f5b54a691e55194a72ab6c7","name":"Thomas","image":{"@type":"ImageObject","inLanguage":"fr-FR","@id":"https:\/\/secure.gravatar.com\/avatar\/ad6763fa82c8e49d614c8bf6284a54f54a1c630591f79bea1b04c7e28e3ebc3f?s=96&d=mm&r=g","url":"https:\/\/secure.gravatar.com\/avatar\/ad6763fa82c8e49d614c8bf6284a54f54a1c630591f79bea1b04c7e28e3ebc3f?s=96&d=mm&r=g","contentUrl":"https:\/\/secure.gravatar.com\/avatar\/ad6763fa82c8e49d614c8bf6284a54f54a1c630591f79bea1b04c7e28e3ebc3f?s=96&d=mm&r=g","caption":"Thomas"},"sameAs":["https:\/\/www.alba-avocats-montauban.fr"],"url":"https:\/\/www.alba-avocats-montauban.fr\/?author=1"}]}},"_links":{"self":[{"href":"https:\/\/www.alba-avocats-montauban.fr\/index.php?rest_route=\/wp\/v2\/posts\/242","targetHints":{"allow":["GET"]}}],"collection":[{"href":"https:\/\/www.alba-avocats-montauban.fr\/index.php?rest_route=\/wp\/v2\/posts"}],"about":[{"href":"https:\/\/www.alba-avocats-montauban.fr\/index.php?rest_route=\/wp\/v2\/types\/post"}],"author":[{"embeddable":true,"href":"https:\/\/www.alba-avocats-montauban.fr\/index.php?rest_route=\/wp\/v2\/users\/1"}],"replies":[{"embeddable":true,"href":"https:\/\/www.alba-avocats-montauban.fr\/index.php?rest_route=%2Fwp%2Fv2%2Fcomments&post=242"}],"version-history":[{"count":1,"href":"https:\/\/www.alba-avocats-montauban.fr\/index.php?rest_route=\/wp\/v2\/posts\/242\/revisions"}],"predecessor-version":[{"id":243,"href":"https:\/\/www.alba-avocats-montauban.fr\/index.php?rest_route=\/wp\/v2\/posts\/242\/revisions\/243"}],"wp:attachment":[{"href":"https:\/\/www.alba-avocats-montauban.fr\/index.php?rest_route=%2Fwp%2Fv2%2Fmedia&parent=242"}],"wp:term":[{"taxonomy":"category","embeddable":true,"href":"https:\/\/www.alba-avocats-montauban.fr\/index.php?rest_route=%2Fwp%2Fv2%2Fcategories&post=242"},{"taxonomy":"post_tag","embeddable":true,"href":"https:\/\/www.alba-avocats-montauban.fr\/index.php?rest_route=%2Fwp%2Fv2%2Ftags&post=242"}],"curies":[{"name":"wp","href":"https:\/\/api.w.org\/{rel}","templated":true}]}}