{"id":238,"date":"2024-12-23T09:19:11","date_gmt":"2024-12-23T08:19:11","guid":{"rendered":"https:\/\/www.alba-avocats-montauban.fr\/?p=238"},"modified":"2025-09-23T09:35:31","modified_gmt":"2025-09-23T07:35:31","slug":"primes-versees-par-erreur-limpossible-retour-en-arriere","status":"publish","type":"post","link":"https:\/\/www.alba-avocats-montauban.fr\/?p=238","title":{"rendered":"Primes vers\u00e9es par erreur : l\u2019impossible retour en arri\u00e8re ?"},"content":{"rendered":"\n<p>Jusqu\u2019en 2023, la jurisprudence \u00e9tait claire : l\u2019attribution de primes par erreur, m\u00eame r\u00e9p\u00e9t\u00e9e, n\u2019\u00e9tait pas cr\u00e9atrice de droit et l\u2019Employeur pouvait donc mettre fin au versement desdites primes pour l\u2019avenir.<br>Cependant, un arr\u00eat de 2023 a marqu\u00e9 un tournant en reconnaissant qu\u2019une prime vers\u00e9e par erreur sur plusieurs ann\u00e9es pouvait devenir un \u00e9l\u00e9ment du contrat de travail (en l\u2019occurrence des indemnit\u00e9s de casse-cro\u00fbte dont le salari\u00e9 avait b\u00e9n\u00e9fici\u00e9 alors qu\u2019il n\u2019en remplissait pas les conditions).<\/p>\n\n\n\n<p>En d\u00e9cembre 2024, la Chambre Sociale de la Cour de cassation a confirm\u00e9 cette \u00e9volution en jugeant dans une affaire que le versement d\u2019une prime d\u2019anciennet\u00e9 par erreur pendant 20 ans \u00e9tait devenu contractuel, l\u2019Employeur ne pouvant plus supprimer cet \u00e9l\u00e9ment pour l\u2019avenir.<br>Il convient d\u2019attendre une position de principe de la chambre sociale pour confirmer ou pas la tendance. Dans l\u2019affirmative, il appartiendra aux juges de d\u00e9finir au bout de combien de temps un versement indu devient cr\u00e9ateur de droit\u2026(Cass. Soc. 4 d\u00e9c. 2024 n\u00b023-19.528)<\/p>\n","protected":false},"excerpt":{"rendered":"<p>Jusqu\u2019en 2023, la jurisprudence \u00e9tait claire : l\u2019attribution de primes par erreur, m\u00eame r\u00e9p\u00e9t\u00e9e, n\u2019\u00e9tait pas cr\u00e9atrice de droit et l\u2019Employeur pouvait donc mettre fin au versement desdites primes pour l\u2019avenir.Cependant, un arr\u00eat de 2023 a marqu\u00e9 un tournant en reconnaissant qu\u2019une prime vers\u00e9e par erreur sur plusieurs ann\u00e9es pouvait devenir un \u00e9l\u00e9ment du contrat [&hellip;]<\/p>\n","protected":false},"author":1,"featured_media":0,"comment_status":"open","ping_status":"open","sticky":false,"template":"","format":"standard","meta":{"footnotes":""},"categories":[1],"tags":[],"class_list":["post-238","post","type-post","status-publish","format-standard","hentry","category-non-classe"],"yoast_head":"<!-- This site is optimized with the Yoast SEO plugin v27.5 - https:\/\/yoast.com\/product\/yoast-seo-wordpress\/ -->\n<title>Primes vers\u00e9es par erreur : l\u2019impossible retour en arri\u00e8re ? - Alba avocat montauban<\/title>\n<meta name=\"robots\" content=\"index, follow, max-snippet:-1, max-image-preview:large, max-video-preview:-1\" \/>\n<link rel=\"canonical\" href=\"https:\/\/www.alba-avocats-montauban.fr\/?p=238\" \/>\n<meta property=\"og:locale\" content=\"fr_FR\" \/>\n<meta property=\"og:type\" content=\"article\" \/>\n<meta property=\"og:title\" content=\"Primes vers\u00e9es par erreur : l\u2019impossible retour en arri\u00e8re ? - Alba avocat montauban\" \/>\n<meta property=\"og:description\" content=\"Jusqu\u2019en 2023, la jurisprudence \u00e9tait claire : l\u2019attribution de primes par erreur, m\u00eame r\u00e9p\u00e9t\u00e9e, n\u2019\u00e9tait pas cr\u00e9atrice de droit et l\u2019Employeur pouvait donc mettre fin au versement desdites primes pour l\u2019avenir.Cependant, un arr\u00eat de 2023 a marqu\u00e9 un tournant en reconnaissant qu\u2019une prime vers\u00e9e par erreur sur plusieurs ann\u00e9es pouvait devenir un \u00e9l\u00e9ment du contrat [&hellip;]\" \/>\n<meta property=\"og:url\" content=\"https:\/\/www.alba-avocats-montauban.fr\/?p=238\" \/>\n<meta property=\"og:site_name\" content=\"Alba avocat montauban\" \/>\n<meta property=\"article:published_time\" content=\"2024-12-23T08:19:11+00:00\" \/>\n<meta property=\"article:modified_time\" content=\"2025-09-23T07:35:31+00:00\" \/>\n<meta name=\"author\" content=\"Thomas\" \/>\n<meta name=\"twitter:card\" content=\"summary_large_image\" \/>\n<meta name=\"twitter:label1\" content=\"\u00c9crit par\" \/>\n\t<meta name=\"twitter:data1\" content=\"Thomas\" \/>\n<script type=\"application\/ld+json\" class=\"yoast-schema-graph\">{\"@context\":\"https:\\\/\\\/schema.org\",\"@graph\":[{\"@type\":\"Article\",\"@id\":\"https:\\\/\\\/www.alba-avocats-montauban.fr\\\/?p=238#article\",\"isPartOf\":{\"@id\":\"https:\\\/\\\/www.alba-avocats-montauban.fr\\\/?p=238\"},\"author\":{\"name\":\"Thomas\",\"@id\":\"https:\\\/\\\/www.alba-avocats-montauban.fr\\\/#\\\/schema\\\/person\\\/c6f9a03e0f5b54a691e55194a72ab6c7\"},\"headline\":\"Primes vers\u00e9es par erreur : l\u2019impossible retour en arri\u00e8re ?\",\"datePublished\":\"2024-12-23T08:19:11+00:00\",\"dateModified\":\"2025-09-23T07:35:31+00:00\",\"mainEntityOfPage\":{\"@id\":\"https:\\\/\\\/www.alba-avocats-montauban.fr\\\/?p=238\"},\"wordCount\":201,\"commentCount\":0,\"inLanguage\":\"fr-FR\",\"potentialAction\":[{\"@type\":\"CommentAction\",\"name\":\"Comment\",\"target\":[\"https:\\\/\\\/www.alba-avocats-montauban.fr\\\/?p=238#respond\"]}]},{\"@type\":\"WebPage\",\"@id\":\"https:\\\/\\\/www.alba-avocats-montauban.fr\\\/?p=238\",\"url\":\"https:\\\/\\\/www.alba-avocats-montauban.fr\\\/?p=238\",\"name\":\"Primes vers\u00e9es par erreur : l\u2019impossible retour en arri\u00e8re ? - Alba avocat montauban\",\"isPartOf\":{\"@id\":\"https:\\\/\\\/www.alba-avocats-montauban.fr\\\/#website\"},\"datePublished\":\"2024-12-23T08:19:11+00:00\",\"dateModified\":\"2025-09-23T07:35:31+00:00\",\"author\":{\"@id\":\"https:\\\/\\\/www.alba-avocats-montauban.fr\\\/#\\\/schema\\\/person\\\/c6f9a03e0f5b54a691e55194a72ab6c7\"},\"breadcrumb\":{\"@id\":\"https:\\\/\\\/www.alba-avocats-montauban.fr\\\/?p=238#breadcrumb\"},\"inLanguage\":\"fr-FR\",\"potentialAction\":[{\"@type\":\"ReadAction\",\"target\":[\"https:\\\/\\\/www.alba-avocats-montauban.fr\\\/?p=238\"]}]},{\"@type\":\"BreadcrumbList\",\"@id\":\"https:\\\/\\\/www.alba-avocats-montauban.fr\\\/?p=238#breadcrumb\",\"itemListElement\":[{\"@type\":\"ListItem\",\"position\":1,\"name\":\"Accueil\",\"item\":\"https:\\\/\\\/www.alba-avocats-montauban.fr\\\/\"},{\"@type\":\"ListItem\",\"position\":2,\"name\":\"Primes vers\u00e9es par erreur : l\u2019impossible retour en arri\u00e8re ?\"}]},{\"@type\":\"WebSite\",\"@id\":\"https:\\\/\\\/www.alba-avocats-montauban.fr\\\/#website\",\"url\":\"https:\\\/\\\/www.alba-avocats-montauban.fr\\\/\",\"name\":\"Alba avocat montauban\",\"description\":\"\",\"potentialAction\":[{\"@type\":\"SearchAction\",\"target\":{\"@type\":\"EntryPoint\",\"urlTemplate\":\"https:\\\/\\\/www.alba-avocats-montauban.fr\\\/?s={search_term_string}\"},\"query-input\":{\"@type\":\"PropertyValueSpecification\",\"valueRequired\":true,\"valueName\":\"search_term_string\"}}],\"inLanguage\":\"fr-FR\"},{\"@type\":\"Person\",\"@id\":\"https:\\\/\\\/www.alba-avocats-montauban.fr\\\/#\\\/schema\\\/person\\\/c6f9a03e0f5b54a691e55194a72ab6c7\",\"name\":\"Thomas\",\"image\":{\"@type\":\"ImageObject\",\"inLanguage\":\"fr-FR\",\"@id\":\"https:\\\/\\\/secure.gravatar.com\\\/avatar\\\/ad6763fa82c8e49d614c8bf6284a54f54a1c630591f79bea1b04c7e28e3ebc3f?s=96&d=mm&r=g\",\"url\":\"https:\\\/\\\/secure.gravatar.com\\\/avatar\\\/ad6763fa82c8e49d614c8bf6284a54f54a1c630591f79bea1b04c7e28e3ebc3f?s=96&d=mm&r=g\",\"contentUrl\":\"https:\\\/\\\/secure.gravatar.com\\\/avatar\\\/ad6763fa82c8e49d614c8bf6284a54f54a1c630591f79bea1b04c7e28e3ebc3f?s=96&d=mm&r=g\",\"caption\":\"Thomas\"},\"sameAs\":[\"https:\\\/\\\/www.alba-avocats-montauban.fr\"],\"url\":\"https:\\\/\\\/www.alba-avocats-montauban.fr\\\/?author=1\"}]}<\/script>\n<!-- \/ Yoast SEO plugin. -->","yoast_head_json":{"title":"Primes vers\u00e9es par erreur : l\u2019impossible retour en arri\u00e8re ? - Alba avocat montauban","robots":{"index":"index","follow":"follow","max-snippet":"max-snippet:-1","max-image-preview":"max-image-preview:large","max-video-preview":"max-video-preview:-1"},"canonical":"https:\/\/www.alba-avocats-montauban.fr\/?p=238","og_locale":"fr_FR","og_type":"article","og_title":"Primes vers\u00e9es par erreur : l\u2019impossible retour en arri\u00e8re ? - Alba avocat montauban","og_description":"Jusqu\u2019en 2023, la jurisprudence \u00e9tait claire : l\u2019attribution de primes par erreur, m\u00eame r\u00e9p\u00e9t\u00e9e, n\u2019\u00e9tait pas cr\u00e9atrice de droit et l\u2019Employeur pouvait donc mettre fin au versement desdites primes pour l\u2019avenir.Cependant, un arr\u00eat de 2023 a marqu\u00e9 un tournant en reconnaissant qu\u2019une prime vers\u00e9e par erreur sur plusieurs ann\u00e9es pouvait devenir un \u00e9l\u00e9ment du contrat [&hellip;]","og_url":"https:\/\/www.alba-avocats-montauban.fr\/?p=238","og_site_name":"Alba avocat montauban","article_published_time":"2024-12-23T08:19:11+00:00","article_modified_time":"2025-09-23T07:35:31+00:00","author":"Thomas","twitter_card":"summary_large_image","twitter_misc":{"\u00c9crit par":"Thomas"},"schema":{"@context":"https:\/\/schema.org","@graph":[{"@type":"Article","@id":"https:\/\/www.alba-avocats-montauban.fr\/?p=238#article","isPartOf":{"@id":"https:\/\/www.alba-avocats-montauban.fr\/?p=238"},"author":{"name":"Thomas","@id":"https:\/\/www.alba-avocats-montauban.fr\/#\/schema\/person\/c6f9a03e0f5b54a691e55194a72ab6c7"},"headline":"Primes vers\u00e9es par erreur : l\u2019impossible retour en arri\u00e8re ?","datePublished":"2024-12-23T08:19:11+00:00","dateModified":"2025-09-23T07:35:31+00:00","mainEntityOfPage":{"@id":"https:\/\/www.alba-avocats-montauban.fr\/?p=238"},"wordCount":201,"commentCount":0,"inLanguage":"fr-FR","potentialAction":[{"@type":"CommentAction","name":"Comment","target":["https:\/\/www.alba-avocats-montauban.fr\/?p=238#respond"]}]},{"@type":"WebPage","@id":"https:\/\/www.alba-avocats-montauban.fr\/?p=238","url":"https:\/\/www.alba-avocats-montauban.fr\/?p=238","name":"Primes vers\u00e9es par erreur : l\u2019impossible retour en arri\u00e8re ? - Alba avocat montauban","isPartOf":{"@id":"https:\/\/www.alba-avocats-montauban.fr\/#website"},"datePublished":"2024-12-23T08:19:11+00:00","dateModified":"2025-09-23T07:35:31+00:00","author":{"@id":"https:\/\/www.alba-avocats-montauban.fr\/#\/schema\/person\/c6f9a03e0f5b54a691e55194a72ab6c7"},"breadcrumb":{"@id":"https:\/\/www.alba-avocats-montauban.fr\/?p=238#breadcrumb"},"inLanguage":"fr-FR","potentialAction":[{"@type":"ReadAction","target":["https:\/\/www.alba-avocats-montauban.fr\/?p=238"]}]},{"@type":"BreadcrumbList","@id":"https:\/\/www.alba-avocats-montauban.fr\/?p=238#breadcrumb","itemListElement":[{"@type":"ListItem","position":1,"name":"Accueil","item":"https:\/\/www.alba-avocats-montauban.fr\/"},{"@type":"ListItem","position":2,"name":"Primes vers\u00e9es par erreur : l\u2019impossible retour en arri\u00e8re ?"}]},{"@type":"WebSite","@id":"https:\/\/www.alba-avocats-montauban.fr\/#website","url":"https:\/\/www.alba-avocats-montauban.fr\/","name":"Alba avocat montauban","description":"","potentialAction":[{"@type":"SearchAction","target":{"@type":"EntryPoint","urlTemplate":"https:\/\/www.alba-avocats-montauban.fr\/?s={search_term_string}"},"query-input":{"@type":"PropertyValueSpecification","valueRequired":true,"valueName":"search_term_string"}}],"inLanguage":"fr-FR"},{"@type":"Person","@id":"https:\/\/www.alba-avocats-montauban.fr\/#\/schema\/person\/c6f9a03e0f5b54a691e55194a72ab6c7","name":"Thomas","image":{"@type":"ImageObject","inLanguage":"fr-FR","@id":"https:\/\/secure.gravatar.com\/avatar\/ad6763fa82c8e49d614c8bf6284a54f54a1c630591f79bea1b04c7e28e3ebc3f?s=96&d=mm&r=g","url":"https:\/\/secure.gravatar.com\/avatar\/ad6763fa82c8e49d614c8bf6284a54f54a1c630591f79bea1b04c7e28e3ebc3f?s=96&d=mm&r=g","contentUrl":"https:\/\/secure.gravatar.com\/avatar\/ad6763fa82c8e49d614c8bf6284a54f54a1c630591f79bea1b04c7e28e3ebc3f?s=96&d=mm&r=g","caption":"Thomas"},"sameAs":["https:\/\/www.alba-avocats-montauban.fr"],"url":"https:\/\/www.alba-avocats-montauban.fr\/?author=1"}]}},"_links":{"self":[{"href":"https:\/\/www.alba-avocats-montauban.fr\/index.php?rest_route=\/wp\/v2\/posts\/238","targetHints":{"allow":["GET"]}}],"collection":[{"href":"https:\/\/www.alba-avocats-montauban.fr\/index.php?rest_route=\/wp\/v2\/posts"}],"about":[{"href":"https:\/\/www.alba-avocats-montauban.fr\/index.php?rest_route=\/wp\/v2\/types\/post"}],"author":[{"embeddable":true,"href":"https:\/\/www.alba-avocats-montauban.fr\/index.php?rest_route=\/wp\/v2\/users\/1"}],"replies":[{"embeddable":true,"href":"https:\/\/www.alba-avocats-montauban.fr\/index.php?rest_route=%2Fwp%2Fv2%2Fcomments&post=238"}],"version-history":[{"count":1,"href":"https:\/\/www.alba-avocats-montauban.fr\/index.php?rest_route=\/wp\/v2\/posts\/238\/revisions"}],"predecessor-version":[{"id":239,"href":"https:\/\/www.alba-avocats-montauban.fr\/index.php?rest_route=\/wp\/v2\/posts\/238\/revisions\/239"}],"wp:attachment":[{"href":"https:\/\/www.alba-avocats-montauban.fr\/index.php?rest_route=%2Fwp%2Fv2%2Fmedia&parent=238"}],"wp:term":[{"taxonomy":"category","embeddable":true,"href":"https:\/\/www.alba-avocats-montauban.fr\/index.php?rest_route=%2Fwp%2Fv2%2Fcategories&post=238"},{"taxonomy":"post_tag","embeddable":true,"href":"https:\/\/www.alba-avocats-montauban.fr\/index.php?rest_route=%2Fwp%2Fv2%2Ftags&post=238"}],"curies":[{"name":"wp","href":"https:\/\/api.w.org\/{rel}","templated":true}]}}