{"id":236,"date":"2024-11-23T09:18:54","date_gmt":"2024-11-23T08:18:54","guid":{"rendered":"https:\/\/www.alba-avocats-montauban.fr\/?p=236"},"modified":"2025-09-23T09:35:52","modified_gmt":"2025-09-23T07:35:52","slug":"licenciement-dune-salariee-enceinte-quelle-indemnisation","status":"publish","type":"post","link":"https:\/\/www.alba-avocats-montauban.fr\/?p=236","title":{"rendered":"Licenciement d\u2019une salari\u00e9e enceinte : quelle indemnisation ?"},"content":{"rendered":"\n<p>Un Employeur qui licencie une salari\u00e9e enceinte pendant son cong\u00e9 maternit\u00e9 ou pendant les 10 semaines suivant l&rsquo;expiration de cette p\u00e9riode encourt la nullit\u00e9 du licenciement, sauf s&rsquo;il justifie d&rsquo;une faute grave de la salari\u00e9e non li\u00e9e \u00e0 l&rsquo;\u00e9tat de grossesse, ou de son impossibilit\u00e9 de maintenir le contrat pour un motif \u00e9tranger \u00e0 la grossesse.<br>Si la salari\u00e9e ne demande pas sa r\u00e9int\u00e9gration, l&rsquo;Employeur doit lui verser son indemnit\u00e9 de pr\u00e9avis, l&rsquo;indemnit\u00e9 de licenciement, une indemnit\u00e9 \u00e9gale \u00e0 au moins 6 mois de salaire r\u00e9parant int\u00e9gralement le pr\u00e9judice subi du fait du caract\u00e8re illicite du licenciement mais aussi les salaires qu&rsquo;elle aurait per\u00e7us pendant la p\u00e9riode couverte par la nullit\u00e9, entre la date de son \u00e9viction et la fin de la p\u00e9riode de protection de 10 semaines apr\u00e8s le cong\u00e9 de maternit\u00e9.<br>Les juges consid\u00e8rent en effet qu&rsquo;il s&rsquo;agit d&rsquo;un licenciement discriminatoire.<br>La prudence s&rsquo;impose donc en cas de volont\u00e9 de rompre le contrat d&rsquo;une salari\u00e9e enceinte. (C.Cass 6\/11\/2024, n\u00b0 23-14706).<\/p>\n","protected":false},"excerpt":{"rendered":"<p>Un Employeur qui licencie une salari\u00e9e enceinte pendant son cong\u00e9 maternit\u00e9 ou pendant les 10 semaines suivant l&rsquo;expiration de cette p\u00e9riode encourt la nullit\u00e9 du licenciement, sauf s&rsquo;il justifie d&rsquo;une faute grave de la salari\u00e9e non li\u00e9e \u00e0 l&rsquo;\u00e9tat de grossesse, ou de son impossibilit\u00e9 de maintenir le contrat pour un motif \u00e9tranger \u00e0 la [&hellip;]<\/p>\n","protected":false},"author":1,"featured_media":0,"comment_status":"open","ping_status":"open","sticky":false,"template":"","format":"standard","meta":{"footnotes":""},"categories":[1],"tags":[],"class_list":["post-236","post","type-post","status-publish","format-standard","hentry","category-non-classe"],"yoast_head":"<!-- This site is optimized with the Yoast SEO plugin v27.5 - https:\/\/yoast.com\/product\/yoast-seo-wordpress\/ -->\n<title>Licenciement d\u2019une salari\u00e9e enceinte : quelle indemnisation ? - Alba avocat montauban<\/title>\n<meta name=\"robots\" content=\"index, follow, max-snippet:-1, max-image-preview:large, max-video-preview:-1\" \/>\n<link rel=\"canonical\" href=\"https:\/\/www.alba-avocats-montauban.fr\/?p=236\" \/>\n<meta property=\"og:locale\" content=\"fr_FR\" \/>\n<meta property=\"og:type\" content=\"article\" \/>\n<meta property=\"og:title\" content=\"Licenciement d\u2019une salari\u00e9e enceinte : quelle indemnisation ? - Alba avocat montauban\" \/>\n<meta property=\"og:description\" content=\"Un Employeur qui licencie une salari\u00e9e enceinte pendant son cong\u00e9 maternit\u00e9 ou pendant les 10 semaines suivant l&rsquo;expiration de cette p\u00e9riode encourt la nullit\u00e9 du licenciement, sauf s&rsquo;il justifie d&rsquo;une faute grave de la salari\u00e9e non li\u00e9e \u00e0 l&rsquo;\u00e9tat de grossesse, ou de son impossibilit\u00e9 de maintenir le contrat pour un motif \u00e9tranger \u00e0 la [&hellip;]\" \/>\n<meta property=\"og:url\" content=\"https:\/\/www.alba-avocats-montauban.fr\/?p=236\" \/>\n<meta property=\"og:site_name\" content=\"Alba avocat montauban\" \/>\n<meta property=\"article:published_time\" content=\"2024-11-23T08:18:54+00:00\" \/>\n<meta property=\"article:modified_time\" content=\"2025-09-23T07:35:52+00:00\" \/>\n<meta name=\"author\" content=\"Thomas\" \/>\n<meta name=\"twitter:card\" content=\"summary_large_image\" \/>\n<meta name=\"twitter:label1\" content=\"\u00c9crit par\" \/>\n\t<meta name=\"twitter:data1\" content=\"Thomas\" \/>\n\t<meta name=\"twitter:label2\" content=\"Dur\u00e9e de lecture estim\u00e9e\" \/>\n\t<meta name=\"twitter:data2\" content=\"1 minute\" \/>\n<script type=\"application\/ld+json\" class=\"yoast-schema-graph\">{\"@context\":\"https:\\\/\\\/schema.org\",\"@graph\":[{\"@type\":\"Article\",\"@id\":\"https:\\\/\\\/www.alba-avocats-montauban.fr\\\/?p=236#article\",\"isPartOf\":{\"@id\":\"https:\\\/\\\/www.alba-avocats-montauban.fr\\\/?p=236\"},\"author\":{\"name\":\"Thomas\",\"@id\":\"https:\\\/\\\/www.alba-avocats-montauban.fr\\\/#\\\/schema\\\/person\\\/c6f9a03e0f5b54a691e55194a72ab6c7\"},\"headline\":\"Licenciement d\u2019une salari\u00e9e enceinte : quelle indemnisation ?\",\"datePublished\":\"2024-11-23T08:18:54+00:00\",\"dateModified\":\"2025-09-23T07:35:52+00:00\",\"mainEntityOfPage\":{\"@id\":\"https:\\\/\\\/www.alba-avocats-montauban.fr\\\/?p=236\"},\"wordCount\":194,\"commentCount\":0,\"inLanguage\":\"fr-FR\",\"potentialAction\":[{\"@type\":\"CommentAction\",\"name\":\"Comment\",\"target\":[\"https:\\\/\\\/www.alba-avocats-montauban.fr\\\/?p=236#respond\"]}]},{\"@type\":\"WebPage\",\"@id\":\"https:\\\/\\\/www.alba-avocats-montauban.fr\\\/?p=236\",\"url\":\"https:\\\/\\\/www.alba-avocats-montauban.fr\\\/?p=236\",\"name\":\"Licenciement d\u2019une salari\u00e9e enceinte : quelle indemnisation ? - Alba avocat montauban\",\"isPartOf\":{\"@id\":\"https:\\\/\\\/www.alba-avocats-montauban.fr\\\/#website\"},\"datePublished\":\"2024-11-23T08:18:54+00:00\",\"dateModified\":\"2025-09-23T07:35:52+00:00\",\"author\":{\"@id\":\"https:\\\/\\\/www.alba-avocats-montauban.fr\\\/#\\\/schema\\\/person\\\/c6f9a03e0f5b54a691e55194a72ab6c7\"},\"breadcrumb\":{\"@id\":\"https:\\\/\\\/www.alba-avocats-montauban.fr\\\/?p=236#breadcrumb\"},\"inLanguage\":\"fr-FR\",\"potentialAction\":[{\"@type\":\"ReadAction\",\"target\":[\"https:\\\/\\\/www.alba-avocats-montauban.fr\\\/?p=236\"]}]},{\"@type\":\"BreadcrumbList\",\"@id\":\"https:\\\/\\\/www.alba-avocats-montauban.fr\\\/?p=236#breadcrumb\",\"itemListElement\":[{\"@type\":\"ListItem\",\"position\":1,\"name\":\"Accueil\",\"item\":\"https:\\\/\\\/www.alba-avocats-montauban.fr\\\/\"},{\"@type\":\"ListItem\",\"position\":2,\"name\":\"Licenciement d\u2019une salari\u00e9e enceinte : quelle indemnisation ?\"}]},{\"@type\":\"WebSite\",\"@id\":\"https:\\\/\\\/www.alba-avocats-montauban.fr\\\/#website\",\"url\":\"https:\\\/\\\/www.alba-avocats-montauban.fr\\\/\",\"name\":\"Alba avocat montauban\",\"description\":\"\",\"potentialAction\":[{\"@type\":\"SearchAction\",\"target\":{\"@type\":\"EntryPoint\",\"urlTemplate\":\"https:\\\/\\\/www.alba-avocats-montauban.fr\\\/?s={search_term_string}\"},\"query-input\":{\"@type\":\"PropertyValueSpecification\",\"valueRequired\":true,\"valueName\":\"search_term_string\"}}],\"inLanguage\":\"fr-FR\"},{\"@type\":\"Person\",\"@id\":\"https:\\\/\\\/www.alba-avocats-montauban.fr\\\/#\\\/schema\\\/person\\\/c6f9a03e0f5b54a691e55194a72ab6c7\",\"name\":\"Thomas\",\"image\":{\"@type\":\"ImageObject\",\"inLanguage\":\"fr-FR\",\"@id\":\"https:\\\/\\\/secure.gravatar.com\\\/avatar\\\/ad6763fa82c8e49d614c8bf6284a54f54a1c630591f79bea1b04c7e28e3ebc3f?s=96&d=mm&r=g\",\"url\":\"https:\\\/\\\/secure.gravatar.com\\\/avatar\\\/ad6763fa82c8e49d614c8bf6284a54f54a1c630591f79bea1b04c7e28e3ebc3f?s=96&d=mm&r=g\",\"contentUrl\":\"https:\\\/\\\/secure.gravatar.com\\\/avatar\\\/ad6763fa82c8e49d614c8bf6284a54f54a1c630591f79bea1b04c7e28e3ebc3f?s=96&d=mm&r=g\",\"caption\":\"Thomas\"},\"sameAs\":[\"https:\\\/\\\/www.alba-avocats-montauban.fr\"],\"url\":\"https:\\\/\\\/www.alba-avocats-montauban.fr\\\/?author=1\"}]}<\/script>\n<!-- \/ Yoast SEO plugin. -->","yoast_head_json":{"title":"Licenciement d\u2019une salari\u00e9e enceinte : quelle indemnisation ? - Alba avocat montauban","robots":{"index":"index","follow":"follow","max-snippet":"max-snippet:-1","max-image-preview":"max-image-preview:large","max-video-preview":"max-video-preview:-1"},"canonical":"https:\/\/www.alba-avocats-montauban.fr\/?p=236","og_locale":"fr_FR","og_type":"article","og_title":"Licenciement d\u2019une salari\u00e9e enceinte : quelle indemnisation ? - Alba avocat montauban","og_description":"Un Employeur qui licencie une salari\u00e9e enceinte pendant son cong\u00e9 maternit\u00e9 ou pendant les 10 semaines suivant l&rsquo;expiration de cette p\u00e9riode encourt la nullit\u00e9 du licenciement, sauf s&rsquo;il justifie d&rsquo;une faute grave de la salari\u00e9e non li\u00e9e \u00e0 l&rsquo;\u00e9tat de grossesse, ou de son impossibilit\u00e9 de maintenir le contrat pour un motif \u00e9tranger \u00e0 la [&hellip;]","og_url":"https:\/\/www.alba-avocats-montauban.fr\/?p=236","og_site_name":"Alba avocat montauban","article_published_time":"2024-11-23T08:18:54+00:00","article_modified_time":"2025-09-23T07:35:52+00:00","author":"Thomas","twitter_card":"summary_large_image","twitter_misc":{"\u00c9crit par":"Thomas","Dur\u00e9e de lecture estim\u00e9e":"1 minute"},"schema":{"@context":"https:\/\/schema.org","@graph":[{"@type":"Article","@id":"https:\/\/www.alba-avocats-montauban.fr\/?p=236#article","isPartOf":{"@id":"https:\/\/www.alba-avocats-montauban.fr\/?p=236"},"author":{"name":"Thomas","@id":"https:\/\/www.alba-avocats-montauban.fr\/#\/schema\/person\/c6f9a03e0f5b54a691e55194a72ab6c7"},"headline":"Licenciement d\u2019une salari\u00e9e enceinte : quelle indemnisation ?","datePublished":"2024-11-23T08:18:54+00:00","dateModified":"2025-09-23T07:35:52+00:00","mainEntityOfPage":{"@id":"https:\/\/www.alba-avocats-montauban.fr\/?p=236"},"wordCount":194,"commentCount":0,"inLanguage":"fr-FR","potentialAction":[{"@type":"CommentAction","name":"Comment","target":["https:\/\/www.alba-avocats-montauban.fr\/?p=236#respond"]}]},{"@type":"WebPage","@id":"https:\/\/www.alba-avocats-montauban.fr\/?p=236","url":"https:\/\/www.alba-avocats-montauban.fr\/?p=236","name":"Licenciement d\u2019une salari\u00e9e enceinte : quelle indemnisation ? - Alba avocat montauban","isPartOf":{"@id":"https:\/\/www.alba-avocats-montauban.fr\/#website"},"datePublished":"2024-11-23T08:18:54+00:00","dateModified":"2025-09-23T07:35:52+00:00","author":{"@id":"https:\/\/www.alba-avocats-montauban.fr\/#\/schema\/person\/c6f9a03e0f5b54a691e55194a72ab6c7"},"breadcrumb":{"@id":"https:\/\/www.alba-avocats-montauban.fr\/?p=236#breadcrumb"},"inLanguage":"fr-FR","potentialAction":[{"@type":"ReadAction","target":["https:\/\/www.alba-avocats-montauban.fr\/?p=236"]}]},{"@type":"BreadcrumbList","@id":"https:\/\/www.alba-avocats-montauban.fr\/?p=236#breadcrumb","itemListElement":[{"@type":"ListItem","position":1,"name":"Accueil","item":"https:\/\/www.alba-avocats-montauban.fr\/"},{"@type":"ListItem","position":2,"name":"Licenciement d\u2019une salari\u00e9e enceinte : quelle indemnisation ?"}]},{"@type":"WebSite","@id":"https:\/\/www.alba-avocats-montauban.fr\/#website","url":"https:\/\/www.alba-avocats-montauban.fr\/","name":"Alba avocat montauban","description":"","potentialAction":[{"@type":"SearchAction","target":{"@type":"EntryPoint","urlTemplate":"https:\/\/www.alba-avocats-montauban.fr\/?s={search_term_string}"},"query-input":{"@type":"PropertyValueSpecification","valueRequired":true,"valueName":"search_term_string"}}],"inLanguage":"fr-FR"},{"@type":"Person","@id":"https:\/\/www.alba-avocats-montauban.fr\/#\/schema\/person\/c6f9a03e0f5b54a691e55194a72ab6c7","name":"Thomas","image":{"@type":"ImageObject","inLanguage":"fr-FR","@id":"https:\/\/secure.gravatar.com\/avatar\/ad6763fa82c8e49d614c8bf6284a54f54a1c630591f79bea1b04c7e28e3ebc3f?s=96&d=mm&r=g","url":"https:\/\/secure.gravatar.com\/avatar\/ad6763fa82c8e49d614c8bf6284a54f54a1c630591f79bea1b04c7e28e3ebc3f?s=96&d=mm&r=g","contentUrl":"https:\/\/secure.gravatar.com\/avatar\/ad6763fa82c8e49d614c8bf6284a54f54a1c630591f79bea1b04c7e28e3ebc3f?s=96&d=mm&r=g","caption":"Thomas"},"sameAs":["https:\/\/www.alba-avocats-montauban.fr"],"url":"https:\/\/www.alba-avocats-montauban.fr\/?author=1"}]}},"_links":{"self":[{"href":"https:\/\/www.alba-avocats-montauban.fr\/index.php?rest_route=\/wp\/v2\/posts\/236","targetHints":{"allow":["GET"]}}],"collection":[{"href":"https:\/\/www.alba-avocats-montauban.fr\/index.php?rest_route=\/wp\/v2\/posts"}],"about":[{"href":"https:\/\/www.alba-avocats-montauban.fr\/index.php?rest_route=\/wp\/v2\/types\/post"}],"author":[{"embeddable":true,"href":"https:\/\/www.alba-avocats-montauban.fr\/index.php?rest_route=\/wp\/v2\/users\/1"}],"replies":[{"embeddable":true,"href":"https:\/\/www.alba-avocats-montauban.fr\/index.php?rest_route=%2Fwp%2Fv2%2Fcomments&post=236"}],"version-history":[{"count":1,"href":"https:\/\/www.alba-avocats-montauban.fr\/index.php?rest_route=\/wp\/v2\/posts\/236\/revisions"}],"predecessor-version":[{"id":237,"href":"https:\/\/www.alba-avocats-montauban.fr\/index.php?rest_route=\/wp\/v2\/posts\/236\/revisions\/237"}],"wp:attachment":[{"href":"https:\/\/www.alba-avocats-montauban.fr\/index.php?rest_route=%2Fwp%2Fv2%2Fmedia&parent=236"}],"wp:term":[{"taxonomy":"category","embeddable":true,"href":"https:\/\/www.alba-avocats-montauban.fr\/index.php?rest_route=%2Fwp%2Fv2%2Fcategories&post=236"},{"taxonomy":"post_tag","embeddable":true,"href":"https:\/\/www.alba-avocats-montauban.fr\/index.php?rest_route=%2Fwp%2Fv2%2Ftags&post=236"}],"curies":[{"name":"wp","href":"https:\/\/api.w.org\/{rel}","templated":true}]}}